{"id":4438,"date":"2025-06-13T20:18:09","date_gmt":"2025-06-13T20:18:09","guid":{"rendered":"https:\/\/idearsa.com.ar\/?p=4438"},"modified":"2025-09-15T20:20:45","modified_gmt":"2025-09-15T20:20:45","slug":"ampliacion-planta-santa-catalina","status":"publish","type":"post","link":"https:\/\/idearsa.com.ar\/?p=4438","title":{"rendered":"AMPLIACI\u00d3N PLANTA SANTA CATALINA"},"content":{"rendered":"\n<p>Concluyeron las obras de provisi\u00f3n y montaje para la ampliaci\u00f3n de la planta de remoci\u00f3n biol\u00f3gica ubicada en el Barrio Santa Catalina. El proyecto original fue puesto en marcha en enero de 2021 para la empresa <strong>Aguas de Corrientes S.A.<\/strong><\/p>\n\n\n\n<p>La ampliaci\u00f3n, que <strong>fue puesta en marcha en junio de 2025<\/strong>, consisti\u00f3 en la incorporaci\u00f3n de nuevas unidades de tratamiento que permitir\u00e1n <strong>aumentar el caudal de procesamiento hasta los 225 m\u00b3\/h<\/strong>, fortaleciendo as\u00ed la capacidad operativa del sistema. Para lograr este objetivo, se instalaron <strong>cuatro filtros r\u00e1pidos ascendentes<\/strong>, mientras que se conservaron las unidades existentes, optimizando la infraestructura previa.<\/p>\n\n\n\n<p>Esta planta opera bajo el <a href=\"https:\/\/idearsa.com.ar\/?page_id=61\" data-type=\"page\" data-id=\"61\">Proceso BioCIS-UNR\u00ae<\/a>, una innovadora tecnolog\u00eda desarrollada para la remoci\u00f3n de hierro y manganeso mediante biooxidaci\u00f3n, sin el uso de productos qu\u00edmicos. Gracias a este sistema, los <strong>costos operativos se reducen considerablemente<\/strong>, ya que s\u00f3lo requieren energ\u00eda para los bombeos, lo que implica un <strong>m\u00ednimo impacto ambiental y un bajo consumo energ\u00e9tico<\/strong>.<\/p>\n\n\n\n<p><\/p>\n\n\n\n<figure class=\"wp-block-image size-large is-resized\"><a href=\"https:\/\/idearsa.com.ar\/wp-content\/uploads\/2025\/09\/20250430_095346-scaled.jpg\"><img loading=\"lazy\" decoding=\"async\" width=\"679\" height=\"1024\" src=\"https:\/\/idearsa.com.ar\/wp-content\/uploads\/2025\/09\/20250430_095346-679x1024.jpg\" alt=\"\" class=\"wp-image-4442\" style=\"width:381px;height:auto\" srcset=\"https:\/\/idearsa.com.ar\/wp-content\/uploads\/2025\/09\/20250430_095346-679x1024.jpg 679w, https:\/\/idearsa.com.ar\/wp-content\/uploads\/2025\/09\/20250430_095346-199x300.jpg 199w, https:\/\/idearsa.com.ar\/wp-content\/uploads\/2025\/09\/20250430_095346-768x1158.jpg 768w, https:\/\/idearsa.com.ar\/wp-content\/uploads\/2025\/09\/20250430_095346-1018x1536.jpg 1018w, https:\/\/idearsa.com.ar\/wp-content\/uploads\/2025\/09\/20250430_095346-1358x2048.jpg 1358w, https:\/\/idearsa.com.ar\/wp-content\/uploads\/2025\/09\/20250430_095346-scaled.jpg 1697w\" sizes=\"auto, (max-width: 679px) 100vw, 679px\" \/><\/a><\/figure>\n\n\n\n<p><\/p>\n\n\n\n<figure class=\"wp-block-image size-large is-resized\"><a href=\"https:\/\/idearsa.com.ar\/wp-content\/uploads\/2025\/09\/20250430_095312-2-scaled.jpg\"><img loading=\"lazy\" decoding=\"async\" width=\"576\" height=\"1024\" src=\"https:\/\/idearsa.com.ar\/wp-content\/uploads\/2025\/09\/20250430_095312-2-576x1024.jpg\" alt=\"\" class=\"wp-image-4441\" style=\"width:382px;height:auto\" srcset=\"https:\/\/idearsa.com.ar\/wp-content\/uploads\/2025\/09\/20250430_095312-2-576x1024.jpg 576w, https:\/\/idearsa.com.ar\/wp-content\/uploads\/2025\/09\/20250430_095312-2-169x300.jpg 169w, https:\/\/idearsa.com.ar\/wp-content\/uploads\/2025\/09\/20250430_095312-2-768x1365.jpg 768w, https:\/\/idearsa.com.ar\/wp-content\/uploads\/2025\/09\/20250430_095312-2-864x1536.jpg 864w, https:\/\/idearsa.com.ar\/wp-content\/uploads\/2025\/09\/20250430_095312-2-1153x2048.jpg 1153w, https:\/\/idearsa.com.ar\/wp-content\/uploads\/2025\/09\/20250430_095312-2-scaled.jpg 1441w\" sizes=\"auto, (max-width: 576px) 100vw, 576px\" \/><\/a><\/figure>\n\n\n\n<p><\/p>\n","protected":false},"excerpt":{"rendered":"<p>Concluyeron las obras de provisi\u00f3n y montaje para la ampliaci\u00f3n de la planta de remoci\u00f3n biol\u00f3gica ubicada en el Barrio Santa Catalina. El proyecto original fue puesto en marcha en enero de 2021 para la empresa Aguas de Corrientes S.A. La ampliaci\u00f3n, que fue puesta en marcha en junio de 2025, consisti\u00f3 en la incorporaci\u00f3n [&hellip;]<\/p>\n","protected":false},"author":2,"featured_media":0,"comment_status":"open","ping_status":"closed","sticky":false,"template":"","format":"standard","meta":{"_acf_changed":false,"footnotes":""},"categories":[1],"tags":[],"class_list":["post-4438","post","type-post","status-publish","format-standard","hentry","category-sin-categoria"],"acf":[],"_links":{"self":[{"href":"https:\/\/idearsa.com.ar\/index.php?rest_route=\/wp\/v2\/posts\/4438","targetHints":{"allow":["GET"]}}],"collection":[{"href":"https:\/\/idearsa.com.ar\/index.php?rest_route=\/wp\/v2\/posts"}],"about":[{"href":"https:\/\/idearsa.com.ar\/index.php?rest_route=\/wp\/v2\/types\/post"}],"author":[{"embeddable":true,"href":"https:\/\/idearsa.com.ar\/index.php?rest_route=\/wp\/v2\/users\/2"}],"replies":[{"embeddable":true,"href":"https:\/\/idearsa.com.ar\/index.php?rest_route=%2Fwp%2Fv2%2Fcomments&post=4438"}],"version-history":[{"count":7,"href":"https:\/\/idearsa.com.ar\/index.php?rest_route=\/wp\/v2\/posts\/4438\/revisions"}],"predecessor-version":[{"id":4467,"href":"https:\/\/idearsa.com.ar\/index.php?rest_route=\/wp\/v2\/posts\/4438\/revisions\/4467"}],"wp:attachment":[{"href":"https:\/\/idearsa.com.ar\/index.php?rest_route=%2Fwp%2Fv2%2Fmedia&parent=4438"}],"wp:term":[{"taxonomy":"category","embeddable":true,"href":"https:\/\/idearsa.com.ar\/index.php?rest_route=%2Fwp%2Fv2%2Fcategories&post=4438"},{"taxonomy":"post_tag","embeddable":true,"href":"https:\/\/idearsa.com.ar\/index.php?rest_route=%2Fwp%2Fv2%2Ftags&post=4438"}],"curies":[{"name":"wp","href":"https:\/\/api.w.org\/{rel}","templated":true}]}}