{"id":4455,"date":"2025-08-21T20:52:26","date_gmt":"2025-08-21T20:52:26","guid":{"rendered":"https:\/\/idearsa.com.ar\/?p=4455"},"modified":"2025-09-15T20:09:02","modified_gmt":"2025-09-15T20:09:02","slug":"primera-etapa-finalizada-en-monte-vera","status":"publish","type":"post","link":"https:\/\/idearsa.com.ar\/?p=4455","title":{"rendered":"PRIMERA ETAPA FINALIZADA EN MONTE VERA"},"content":{"rendered":"\n<p>Avanza la construcci\u00f3n de una nueva <strong>planta de tratamiento de agua<\/strong> en la ciudad de <strong>Monte Vera, Santa Fe<\/strong>, con un dise\u00f1o modular y tecnolog\u00eda biol\u00f3gica que permitir\u00e1 una operaci\u00f3n eficiente y escalable.<\/p>\n\n\n\n<p>El proyecto fue desarrollado para cumplir con los requerimientos del Comitente, quien solicit\u00f3 una <strong>capacidad inicial de tratamiento de 40 a 45 m\u00b3\/h<\/strong>, con posibilidad de ampliaci\u00f3n futura a <strong>135 m\u00b3\/h<\/strong> mediante la incorporaci\u00f3n de una o dos l\u00edneas adicionales. El dise\u00f1o contempla el <strong>aprovechamiento integral de infraestructura existente<\/strong>, como un tanque elevado y una cisterna de hormig\u00f3n, optimizando recursos.<\/p>\n\n\n\n<p>Cada l\u00ednea de tratamiento est\u00e1 compuesta por tres etapas clave: <strong>aeraci\u00f3n, filtraci\u00f3n biol\u00f3gica ascendente y filtraci\u00f3n biol\u00f3gica descendente<\/strong>. Este sistema se basa en procesos <strong>bi\u00f3ticos de oxidaci\u00f3n y precipitaci\u00f3n de hierro y manganeso <\/strong>presentes en agua de las perforaciones, evitando el uso de productos qu\u00edmicos y garantizando un tratamiento m\u00e1s sustentable.<\/p>\n\n\n\n<p>En <strong>agosto de 2025<\/strong>, finalizamos la <strong>primera etapa<\/strong>, que consisti\u00f3 en el montaje del <strong>aireador principal<\/strong>, construido en <strong>PRFV<\/strong> (pl\u00e1stico reforzado con fibra de vidrio), con dimensiones de 2,40 m de di\u00e1metro y 2,60 m de altura, conforme al proceso <a href=\"https:\/\/idearsa.com.ar\/?page_id=61\" data-type=\"page\" data-id=\"61\">Proceso BioCIS-UNR\u00ae<\/a>. La unidad qued\u00f3 lista para su puesta en marcha.<\/p>\n\n\n\n<p>Seguimos avanzando con compromiso en cada etapa, aportando soluciones sustentables y de calidad para el tratamiento del agua en nuestra regi\u00f3n.<\/p>\n\n\n\n<figure class=\"wp-block-image size-large is-resized\"><a href=\"https:\/\/idearsa.com.ar\/wp-content\/uploads\/2025\/09\/20250821_142830.jpg\"><img loading=\"lazy\" decoding=\"async\" width=\"1009\" height=\"1024\" src=\"https:\/\/idearsa.com.ar\/wp-content\/uploads\/2025\/09\/20250821_142830-1009x1024.jpg\" alt=\"\" class=\"wp-image-4456\" style=\"width:446px;height:auto\" srcset=\"https:\/\/idearsa.com.ar\/wp-content\/uploads\/2025\/09\/20250821_142830-1009x1024.jpg 1009w, https:\/\/idearsa.com.ar\/wp-content\/uploads\/2025\/09\/20250821_142830-296x300.jpg 296w, https:\/\/idearsa.com.ar\/wp-content\/uploads\/2025\/09\/20250821_142830-768x780.jpg 768w, https:\/\/idearsa.com.ar\/wp-content\/uploads\/2025\/09\/20250821_142830-1513x1536.jpg 1513w, https:\/\/idearsa.com.ar\/wp-content\/uploads\/2025\/09\/20250821_142830-2017x2048.jpg 2017w\" sizes=\"auto, (max-width: 1009px) 100vw, 1009px\" \/><\/a><\/figure>\n\n\n\n<p><\/p>\n\n\n\n<figure class=\"wp-block-image size-large is-resized\"><a href=\"https:\/\/idearsa.com.ar\/wp-content\/uploads\/2025\/09\/WhatsApp-Image-2025-08-02-at-12.18.03.jpeg\"><img loading=\"lazy\" decoding=\"async\" width=\"685\" height=\"1024\" src=\"https:\/\/idearsa.com.ar\/wp-content\/uploads\/2025\/09\/WhatsApp-Image-2025-08-02-at-12.18.03-685x1024.jpeg\" alt=\"\" class=\"wp-image-4457\" style=\"width:448px;height:auto\" srcset=\"https:\/\/idearsa.com.ar\/wp-content\/uploads\/2025\/09\/WhatsApp-Image-2025-08-02-at-12.18.03-685x1024.jpeg 685w, https:\/\/idearsa.com.ar\/wp-content\/uploads\/2025\/09\/WhatsApp-Image-2025-08-02-at-12.18.03-201x300.jpeg 201w, https:\/\/idearsa.com.ar\/wp-content\/uploads\/2025\/09\/WhatsApp-Image-2025-08-02-at-12.18.03-768x1148.jpeg 768w, https:\/\/idearsa.com.ar\/wp-content\/uploads\/2025\/09\/WhatsApp-Image-2025-08-02-at-12.18.03.jpeg 869w\" sizes=\"auto, (max-width: 685px) 100vw, 685px\" \/><\/a><\/figure>\n\n\n\n<p><\/p>\n\n\n\n<figure class=\"wp-block-image size-large is-resized\"><a href=\"https:\/\/idearsa.com.ar\/wp-content\/uploads\/2025\/09\/WhatsApp-Image-2025-06-26-at-11.56.24-2.jpeg\"><img loading=\"lazy\" decoding=\"async\" width=\"766\" height=\"1024\" src=\"https:\/\/idearsa.com.ar\/wp-content\/uploads\/2025\/09\/WhatsApp-Image-2025-06-26-at-11.56.24-2-766x1024.jpeg\" alt=\"\" class=\"wp-image-4458\" style=\"width:449px;height:auto\" srcset=\"https:\/\/idearsa.com.ar\/wp-content\/uploads\/2025\/09\/WhatsApp-Image-2025-06-26-at-11.56.24-2-766x1024.jpeg 766w, https:\/\/idearsa.com.ar\/wp-content\/uploads\/2025\/09\/WhatsApp-Image-2025-06-26-at-11.56.24-2-224x300.jpeg 224w, https:\/\/idearsa.com.ar\/wp-content\/uploads\/2025\/09\/WhatsApp-Image-2025-06-26-at-11.56.24-2-768x1026.jpeg 768w, https:\/\/idearsa.com.ar\/wp-content\/uploads\/2025\/09\/WhatsApp-Image-2025-06-26-at-11.56.24-2.jpeg 868w\" sizes=\"auto, (max-width: 766px) 100vw, 766px\" \/><\/a><\/figure>\n\n\n\n<p><\/p>\n\n\n\n<figure class=\"wp-block-image size-large is-resized\"><a href=\"https:\/\/idearsa.com.ar\/wp-content\/uploads\/2025\/09\/WhatsApp-Image-2025-06-26-at-11.56.25-2.jpeg\"><img loading=\"lazy\" decoding=\"async\" width=\"766\" height=\"1024\" src=\"https:\/\/idearsa.com.ar\/wp-content\/uploads\/2025\/09\/WhatsApp-Image-2025-06-26-at-11.56.25-2-766x1024.jpeg\" alt=\"\" class=\"wp-image-4459\" style=\"width:450px;height:auto\" srcset=\"https:\/\/idearsa.com.ar\/wp-content\/uploads\/2025\/09\/WhatsApp-Image-2025-06-26-at-11.56.25-2-766x1024.jpeg 766w, https:\/\/idearsa.com.ar\/wp-content\/uploads\/2025\/09\/WhatsApp-Image-2025-06-26-at-11.56.25-2-224x300.jpeg 224w, https:\/\/idearsa.com.ar\/wp-content\/uploads\/2025\/09\/WhatsApp-Image-2025-06-26-at-11.56.25-2-768x1026.jpeg 768w, https:\/\/idearsa.com.ar\/wp-content\/uploads\/2025\/09\/WhatsApp-Image-2025-06-26-at-11.56.25-2.jpeg 868w\" sizes=\"auto, (max-width: 766px) 100vw, 766px\" \/><\/a><\/figure>\n\n\n\n<p><\/p>\n\n\n\n\n\n<p><\/p>\n","protected":false},"excerpt":{"rendered":"<p>Avanza la construcci\u00f3n de una nueva planta de tratamiento de agua en la ciudad de Monte Vera, Santa Fe, con un dise\u00f1o modular y tecnolog\u00eda biol\u00f3gica que permitir\u00e1 una operaci\u00f3n eficiente y escalable. El proyecto fue desarrollado para cumplir con los requerimientos del Comitente, quien solicit\u00f3 una capacidad inicial de tratamiento de 40 a 45 [&hellip;]<\/p>\n","protected":false},"author":2,"featured_media":0,"comment_status":"open","ping_status":"closed","sticky":false,"template":"","format":"standard","meta":{"_acf_changed":false,"footnotes":""},"categories":[1],"tags":[],"class_list":["post-4455","post","type-post","status-publish","format-standard","hentry","category-sin-categoria"],"acf":[],"_links":{"self":[{"href":"https:\/\/idearsa.com.ar\/index.php?rest_route=\/wp\/v2\/posts\/4455","targetHints":{"allow":["GET"]}}],"collection":[{"href":"https:\/\/idearsa.com.ar\/index.php?rest_route=\/wp\/v2\/posts"}],"about":[{"href":"https:\/\/idearsa.com.ar\/index.php?rest_route=\/wp\/v2\/types\/post"}],"author":[{"embeddable":true,"href":"https:\/\/idearsa.com.ar\/index.php?rest_route=\/wp\/v2\/users\/2"}],"replies":[{"embeddable":true,"href":"https:\/\/idearsa.com.ar\/index.php?rest_route=%2Fwp%2Fv2%2Fcomments&post=4455"}],"version-history":[{"count":8,"href":"https:\/\/idearsa.com.ar\/index.php?rest_route=\/wp\/v2\/posts\/4455\/revisions"}],"predecessor-version":[{"id":4487,"href":"https:\/\/idearsa.com.ar\/index.php?rest_route=\/wp\/v2\/posts\/4455\/revisions\/4487"}],"wp:attachment":[{"href":"https:\/\/idearsa.com.ar\/index.php?rest_route=%2Fwp%2Fv2%2Fmedia&parent=4455"}],"wp:term":[{"taxonomy":"category","embeddable":true,"href":"https:\/\/idearsa.com.ar\/index.php?rest_route=%2Fwp%2Fv2%2Fcategories&post=4455"},{"taxonomy":"post_tag","embeddable":true,"href":"https:\/\/idearsa.com.ar\/index.php?rest_route=%2Fwp%2Fv2%2Ftags&post=4455"}],"curies":[{"name":"wp","href":"https:\/\/api.w.org\/{rel}","templated":true}]}}