{"id":559,"date":"2018-08-22T14:10:21","date_gmt":"2018-08-22T14:10:21","guid":{"rendered":"http:\/\/idearsa.com.ar\/?p=559"},"modified":"2018-08-22T14:15:13","modified_gmt":"2018-08-22T14:15:13","slug":"inauguracion-planta-potabilizadora-las-garzas","status":"publish","type":"post","link":"https:\/\/idearsa.com.ar\/?p=559","title":{"rendered":"INAUGURACI\u00d3N PLANTA POTABILIZADORA LAS GARZAS"},"content":{"rendered":"<p>El d\u00eda 14 de agosto de 2018 a las 15.30 horas fue inaugurada la Planta de Remoci\u00f3n de Hierro y Manganeso, ca\u00f1er\u00edas de interconexi\u00f3n y cisternas de almacenamiento de agua cruda y tratada en la Comuna de Las Garzas.<br \/>\nIDEAR S.A. en conjunto con el Centro de Ingenier\u00eda Sanitaria (CIS), trabajaron en este proyecto con el objetivo de Desarrollar una Planta Compacta de Remoci\u00f3n Biol\u00f3gica de Hierro y Manganeso aplicando el Proceso BioCIS-UNR\u00ae.<br \/>\nEl acto cont\u00f3 con la presencia del Presidente de la Comuna Las Garzas, el Sr. Walter S\u00e1nchez, el Ministro de Infraestructura de la Provincia, Ing. Jos\u00e9 Garibay, entre otras autoridades<\/p>\n<p><a href=\"http:\/\/idearsa.com.ar\/wp-content\/uploads\/2018\/08\/WhatsApp-Image-2018-08-14-at-18.12.42.jpeg\"><img loading=\"lazy\" decoding=\"async\" class=\"alignnone  wp-image-564\" src=\"http:\/\/idearsa.com.ar\/wp-content\/uploads\/2018\/08\/WhatsApp-Image-2018-08-14-at-18.12.42-300x225.jpeg\" alt=\"\" width=\"330\" height=\"247\" srcset=\"https:\/\/idearsa.com.ar\/wp-content\/uploads\/2018\/08\/WhatsApp-Image-2018-08-14-at-18.12.42-300x225.jpeg 300w, https:\/\/idearsa.com.ar\/wp-content\/uploads\/2018\/08\/WhatsApp-Image-2018-08-14-at-18.12.42-768x576.jpeg 768w, https:\/\/idearsa.com.ar\/wp-content\/uploads\/2018\/08\/WhatsApp-Image-2018-08-14-at-18.12.42-1024x768.jpeg 1024w, https:\/\/idearsa.com.ar\/wp-content\/uploads\/2018\/08\/WhatsApp-Image-2018-08-14-at-18.12.42.jpeg 1280w\" sizes=\"auto, (max-width: 330px) 100vw, 330px\" \/><\/a><\/p>\n<p><a href=\"http:\/\/nortemedios.com\/plan-del-norte-se-inauguro-una-planta-potabilizadora-en-las-garzas\/\">http:\/\/nortemedios.com\/plan-del-norte-se-inauguro-una-planta-potabilizadora-en-las-garzas\/<\/a><\/p>\n","protected":false},"excerpt":{"rendered":"<p>El d\u00eda 14 de agosto de 2018 a las 15.30 horas fue inaugurada la Planta de Remoci\u00f3n de Hierro y Manganeso, ca\u00f1er\u00edas de interconexi\u00f3n y cisternas de almacenamiento de agua cruda y tratada en la Comuna de Las Garzas. IDEAR S.A. en conjunto con el Centro de Ingenier\u00eda Sanitaria (CIS), trabajaron en este proyecto con [&hellip;]<\/p>\n","protected":false},"author":2,"featured_media":0,"comment_status":"open","ping_status":"closed","sticky":false,"template":"","format":"standard","meta":{"_acf_changed":false,"footnotes":""},"categories":[1],"tags":[],"class_list":["post-559","post","type-post","status-publish","format-standard","hentry","category-sin-categoria"],"acf":[],"_links":{"self":[{"href":"https:\/\/idearsa.com.ar\/index.php?rest_route=\/wp\/v2\/posts\/559","targetHints":{"allow":["GET"]}}],"collection":[{"href":"https:\/\/idearsa.com.ar\/index.php?rest_route=\/wp\/v2\/posts"}],"about":[{"href":"https:\/\/idearsa.com.ar\/index.php?rest_route=\/wp\/v2\/types\/post"}],"author":[{"embeddable":true,"href":"https:\/\/idearsa.com.ar\/index.php?rest_route=\/wp\/v2\/users\/2"}],"replies":[{"embeddable":true,"href":"https:\/\/idearsa.com.ar\/index.php?rest_route=%2Fwp%2Fv2%2Fcomments&post=559"}],"version-history":[{"count":5,"href":"https:\/\/idearsa.com.ar\/index.php?rest_route=\/wp\/v2\/posts\/559\/revisions"}],"predecessor-version":[{"id":566,"href":"https:\/\/idearsa.com.ar\/index.php?rest_route=\/wp\/v2\/posts\/559\/revisions\/566"}],"wp:attachment":[{"href":"https:\/\/idearsa.com.ar\/index.php?rest_route=%2Fwp%2Fv2%2Fmedia&parent=559"}],"wp:term":[{"taxonomy":"category","embeddable":true,"href":"https:\/\/idearsa.com.ar\/index.php?rest_route=%2Fwp%2Fv2%2Fcategories&post=559"},{"taxonomy":"post_tag","embeddable":true,"href":"https:\/\/idearsa.com.ar\/index.php?rest_route=%2Fwp%2Fv2%2Ftags&post=559"}],"curies":[{"name":"wp","href":"https:\/\/api.w.org\/{rel}","templated":true}]}}