{"id":764,"date":"2024-06-17T20:16:42","date_gmt":"2024-06-17T20:16:42","guid":{"rendered":"https:\/\/idearsa.com.ar\/?p=764"},"modified":"2025-09-16T18:55:30","modified_gmt":"2025-09-16T18:55:30","slug":"participacion-xxii-congreso-argentino-de-ingenieria-sanitaria-y-ambiental","status":"publish","type":"post","link":"https:\/\/idearsa.com.ar\/?p=764","title":{"rendered":"PARTICIPACI\u00d3N XXII Congreso Argentino de Ingenier\u00eda Sanitaria y Ambiental"},"content":{"rendered":"\n<p>Entre el 12 y el 14 de junio tuvimos la oportunidad de participar en la Feria Internacional de Tecnolog\u00edas de Medio Ambiente y del XXII Congreso Argentino de Ingenier\u00eda Sanitaria y Ambiental organizados por <a href=\"https:\/\/www.linkedin.com\/company\/aidisar\/\">AIDIS -Asociaci\u00f3n Argentina de Ingenier\u00eda Sanitaria y Ambiental<\/a>.<br>Durante 3 d\u00edas estuvimos charlando sobre la importancia del saneamiento y provisi\u00f3n de agua potable en la Argentina y de nuestra contribuci\u00f3n como empresa mediante servicios de ingenier\u00eda.<br>\u00a1No quer\u00edamos dejar de compartir im\u00e1genes de esta hermosa experiencia!<\/p>\n\n\n\n<figure class=\"wp-block-gallery has-nested-images columns-default is-cropped wp-block-gallery-1 is-layout-flex wp-block-gallery-is-layout-flex\">\n<figure class=\"wp-block-image size-large\"><a href=\"https:\/\/idearsa.com.ar\/wp-content\/uploads\/2025\/07\/DSC_0755-scaled-e1757967391603.jpg\"><img loading=\"lazy\" decoding=\"async\" width=\"1024\" height=\"836\" data-id=\"4638\" src=\"https:\/\/idearsa.com.ar\/wp-content\/uploads\/2025\/07\/DSC_0755-scaled-e1757967391603-1024x836.jpg\" alt=\"\" class=\"wp-image-4638\" srcset=\"https:\/\/idearsa.com.ar\/wp-content\/uploads\/2025\/07\/DSC_0755-scaled-e1757967391603-1024x836.jpg 1024w, https:\/\/idearsa.com.ar\/wp-content\/uploads\/2025\/07\/DSC_0755-scaled-e1757967391603-300x245.jpg 300w, https:\/\/idearsa.com.ar\/wp-content\/uploads\/2025\/07\/DSC_0755-scaled-e1757967391603-768x627.jpg 768w, https:\/\/idearsa.com.ar\/wp-content\/uploads\/2025\/07\/DSC_0755-scaled-e1757967391603-1536x1255.jpg 1536w, https:\/\/idearsa.com.ar\/wp-content\/uploads\/2025\/07\/DSC_0755-scaled-e1757967391603-2048x1673.jpg 2048w\" sizes=\"auto, (max-width: 1024px) 100vw, 1024px\" \/><\/a><\/figure>\n\n\n\n<figure class=\"wp-block-image size-large\"><a href=\"https:\/\/idearsa.com.ar\/wp-content\/uploads\/2024\/06\/IMG_20240612_115126376-scaled.jpg\"><img loading=\"lazy\" decoding=\"async\" width=\"1024\" height=\"768\" data-id=\"4642\" src=\"https:\/\/idearsa.com.ar\/wp-content\/uploads\/2024\/06\/IMG_20240612_115126376-1024x768.jpg\" alt=\"\" class=\"wp-image-4642\" srcset=\"https:\/\/idearsa.com.ar\/wp-content\/uploads\/2024\/06\/IMG_20240612_115126376-1024x768.jpg 1024w, https:\/\/idearsa.com.ar\/wp-content\/uploads\/2024\/06\/IMG_20240612_115126376-300x225.jpg 300w, https:\/\/idearsa.com.ar\/wp-content\/uploads\/2024\/06\/IMG_20240612_115126376-768x576.jpg 768w, https:\/\/idearsa.com.ar\/wp-content\/uploads\/2024\/06\/IMG_20240612_115126376-1536x1152.jpg 1536w, https:\/\/idearsa.com.ar\/wp-content\/uploads\/2024\/06\/IMG_20240612_115126376-2048x1536.jpg 2048w\" sizes=\"auto, (max-width: 1024px) 100vw, 1024px\" \/><\/a><\/figure>\n<\/figure>\n","protected":false},"excerpt":{"rendered":"<p>Entre el 12 y el 14 de junio tuvimos la oportunidad de participar en la Feria Internacional de Tecnolog\u00edas de Medio Ambiente y del XXII Congreso Argentino de Ingenier\u00eda Sanitaria y Ambiental organizados por AIDIS -Asociaci\u00f3n Argentina de Ingenier\u00eda Sanitaria y Ambiental.<\/p>\n","protected":false},"author":2,"featured_media":4638,"comment_status":"open","ping_status":"closed","sticky":false,"template":"","format":"standard","meta":{"_acf_changed":false,"footnotes":""},"categories":[1],"tags":[],"class_list":["post-764","post","type-post","status-publish","format-standard","has-post-thumbnail","hentry","category-sin-categoria"],"acf":[],"_links":{"self":[{"href":"https:\/\/idearsa.com.ar\/index.php?rest_route=\/wp\/v2\/posts\/764","targetHints":{"allow":["GET"]}}],"collection":[{"href":"https:\/\/idearsa.com.ar\/index.php?rest_route=\/wp\/v2\/posts"}],"about":[{"href":"https:\/\/idearsa.com.ar\/index.php?rest_route=\/wp\/v2\/types\/post"}],"author":[{"embeddable":true,"href":"https:\/\/idearsa.com.ar\/index.php?rest_route=\/wp\/v2\/users\/2"}],"replies":[{"embeddable":true,"href":"https:\/\/idearsa.com.ar\/index.php?rest_route=%2Fwp%2Fv2%2Fcomments&post=764"}],"version-history":[{"count":4,"href":"https:\/\/idearsa.com.ar\/index.php?rest_route=\/wp\/v2\/posts\/764\/revisions"}],"predecessor-version":[{"id":4643,"href":"https:\/\/idearsa.com.ar\/index.php?rest_route=\/wp\/v2\/posts\/764\/revisions\/4643"}],"wp:featuredmedia":[{"embeddable":true,"href":"https:\/\/idearsa.com.ar\/index.php?rest_route=\/wp\/v2\/media\/4638"}],"wp:attachment":[{"href":"https:\/\/idearsa.com.ar\/index.php?rest_route=%2Fwp%2Fv2%2Fmedia&parent=764"}],"wp:term":[{"taxonomy":"category","embeddable":true,"href":"https:\/\/idearsa.com.ar\/index.php?rest_route=%2Fwp%2Fv2%2Fcategories&post=764"},{"taxonomy":"post_tag","embeddable":true,"href":"https:\/\/idearsa.com.ar\/index.php?rest_route=%2Fwp%2Fv2%2Ftags&post=764"}],"curies":[{"name":"wp","href":"https:\/\/api.w.org\/{rel}","templated":true}]}}